{"id":1208,"date":"2023-07-30T21:43:52","date_gmt":"2023-07-31T00:43:52","guid":{"rendered":"https:\/\/baratocomqualidade.com.br\/blog\/?p=1208"},"modified":"2023-12-06T14:12:42","modified_gmt":"2023-12-06T17:12:42","slug":"guarda-corpo-de-vidro-temperado-pode","status":"publish","type":"post","link":"https:\/\/baratocomqualidade.com.br\/blog\/guarda-corpo-de-vidro-temperado-pode\/","title":{"rendered":"Guarda-corpo de vidro temperado, pode?"},"content":{"rendered":"<p>Os vidros temperados n\u00e3o podem ser utilizados em guarda-corpos, a menos que sejam submetidos \u00e0 t\u00e9cnica de lamina\u00e7\u00e3o (<a href=\"https:\/\/archglassbrasil.com.br\/dicionario\/vidro-temperado-laminado\/\">vidro temperado laminado<\/a>). A aplica\u00e7\u00e3o de <a href=\"https:\/\/archglassbrasil.com.br\/dicionario\/vidro-temperado\/\">vidro temperado<\/a> isoladamente em guarda-corpo est\u00e1 em desacordo com as normas de seguran\u00e7a da ABNT. O tipo de vidro indicado para guarda-corpo \u00e9 o vidro laminado, vidro aramado e o vidro insulado composto apenas pelos vidros permitidos.<\/p>\n<h2><strong>Guarda corpo de vidro temperado n\u00e3o pode!<\/strong><\/h2>\n<p>Os vidros temperados s\u00e3o frequentemente utilizados nas mais diversas aplica\u00e7\u00f5es devido \u00e0s suas propriedades singulares relacionadas \u00e0 seguran\u00e7a e resist\u00eancia. No entanto, em rela\u00e7\u00e3o a guarda-corpos, o vidro temperado n\u00e3o \u00e9 o mais indicado, pois existem algumas considera\u00e7\u00f5es importantes que devem ser levadas em conta ao decidir usar esse modelo de vidro.<br \/>\nO vidro temperado \u00e9 projetado para se quebrar em pequenos fragmentos quando sofre algum impacto capaz de liberar as suas tens\u00f5es naturais, deixando aberto o v\u00e3o onde estava acomodado. Isso \u00e9 pensado para reduzir o risco de ferimentos graves em caso de quebra e um dos principais motivos pelo qual o vidro temperado \u00e9 uma figura carimbada no segmento da arquitetura e constru\u00e7\u00e3o civil, ind\u00fastria automobil\u00edstica, mercado moveleiro e universo decorativo.<\/p>\n<h2><strong>Pode usar vidro temperado em guarda-corpo?<\/strong><\/h2>\n<p>No entanto, venhamos e convenhamos, em um <a href=\"https:\/\/sevexclusivv.com.br\/categorias\/guarda-corpos\/\">guarda-corpo<\/a> &#8211; especialmente aqueles situados em alturas elevadas &#8211; n\u00e3o \u00e9 poss\u00edvel que a quebra do vidro deixe um v\u00e3o desprotegido, muito menos pode ocorrer a queda de fragmentos de vidros l\u00e1 de cima, porque isso potencialmente causaria ferimentos ou danos graves. Destacamos que o vidro comum tamb\u00e9m n\u00e3o pode ser aplicado em guarda-corpo de vidro pelos mesmos motivos, al\u00e9m de ser menos resistente.<br \/>\nAinda falando sobre guarda &#8211; corpo de vidro temperado, pode? Lembramos que o vidro temperado n\u00e3o \u00e9 t\u00e3o flex\u00edvel quanto outros modelos de vidro, como os que cont\u00e9m lamina\u00e7\u00e3o ou malha met\u00e1lica (vidro laminado, vidro aramado ou vidro duplo contendo os modelos permitidos). Esse cen\u00e1rio pode criar desafios na forma como a placa de vidro \u00e9 fixada e sustentada em um guarda-corpo.<br \/>\nAinda que sua estrutura f\u00edsica permitisse, no caso de guarda-corpo, devido a sua natureza mais r\u00edgida o vidro temperado poderia exigir sistemas de fixa\u00e7\u00e3o mais robustos e planejamento cuidadoso para garantir sua estabilidade e seguran\u00e7a. Mas refor\u00e7amos que as normas da <a href=\"https:\/\/www.abnt.org.br\/\">ABNT<\/a> n\u00e3o indica o uso de vidro temperado individualmente em guarda corpo, a menos que contenha lamina\u00e7\u00e3o.<\/p>\n<h2><strong>Qual guarda-corpo de vidro \u00e9 mais seguro?<\/strong><\/h2>\n<p>Os vidros mais seguros para <a href=\"https:\/\/baratocomqualidade.com.br\/blog\/guarda-corpos-de-vidro\/\">guarda-corpo<\/a> s\u00e3o os vidros laminados, vidros aramados ou vidros duplos composto por placas de vidro laminadas ou aramadas. Isso acontece porque os vidros laminados ou aramados, quando fragmentados, n\u00e3o espalham seus estilha\u00e7os de vidro pelo ambiente, mantendo o v\u00e3o preenchido &#8211; diferentemente do que ocorre com as placas de vidros temperadas.<\/p>\n<h2><strong>Vidro para guarda corpo norma<\/strong><\/h2>\n<p>Isso \u00e9 o que indica a NBR 14.718, da ABNT, que dita que as placas de vidro para esse tipo de aplica\u00e7\u00e3o devem estar em conformidade com a NBR 7.199, conjunto de diretrizes sobre a utiliza\u00e7\u00e3o de vidros na constru\u00e7\u00e3o civil. A ABNT 1718 tamb\u00e9m traz diretriezes sobre a profundidade m\u00ednima para a instala\u00e7\u00e3o de ancoragem no concreto e altura m\u00ednima do piso, dentre outros fatores. A mesma linha de racioc\u00ednio se aplica em parapeitos, sacadas, balaustradas, etc.<\/p>\n<h2>Guarda corpo vidro laminado<\/h2>\n<p>O guarda corpo de vidro laminado \u00e9 a escolha mais assertiva para quem precisa projetar esse tipo de aplica\u00e7\u00e3o. Isso ocorre porque o vidro laminado \u00e9 composto por camadas intercaladas de pel\u00edcula ultra aderente, o que significa que, mesmo que o vidro se quebre, os fragmentos ficar\u00e3o aderidos \u00e0 pel\u00edcula interna, impedindo que o v\u00e3o fique aberto e reduzindo o risco de les\u00f5es ou quedas.<br \/>\nDando continuidade ao nosso artigo sobre guarda &#8211; corpo de vidro temperado, pode? \u00c9 preciso destacar que o vidro laminado, tal como o vidro temperado, oferece maior resist\u00eancia ao impacto e \u00e9 menos suscet\u00edvel a rachaduras e quebras causadas por tens\u00f5es mec\u00e2nicas em compara\u00e7\u00e3o ao vidro comum. Esse fato, em conjunto com seu modo de fragmenta\u00e7\u00e3o, torna o vidro laminado na principal alternativa para compor guarda corpos de vidro.<\/p>\n<h2><strong>Guarda corpo vidro aramado<\/strong><\/h2>\n<p>O guarda-corpo de <a href=\"https:\/\/archglassbrasil.com.br\/dicionario\/vidro-aramado\/\">vidro aramado<\/a> combina as propriedades de seguran\u00e7a, est\u00e9tica singular e transpar\u00eancia do vidro com a resist\u00eancia adicional proporcionada pelo uma malha met\u00e1lica acomodada na massa v\u00edtrea, o que garante resist\u00eancia e torna o guarda corpo de vidro aramado em uma solu\u00e7\u00e3o eficaz para evitar quedas ou acidentes ao mesmo tempo em que mant\u00e9m a est\u00e9tica visual.<br \/>\nA principal caracter\u00edstica do vidro aramado \u00e9 a inclus\u00e3o de fios de arame na sua composi\u00e7\u00e3o durante o processo de fabrica\u00e7\u00e3o. Esses fios de arame formam uma malha met\u00e1lica que vai incorporada na massa do vidro e confere maior resist\u00eancia e capacidade de reten\u00e7\u00e3o em caso de quebra. Isso significa que, se o vidro aramado se quebrar, a malha met\u00e1lica ajuda a manter os fragmentos juntos, reduzindo o risco de quedas e de que estilha\u00e7os se espalhem e causando ferimentos.<br \/>\nComo acontece com a proje\u00e7\u00e3o de qualquer tipo de aplica\u00e7\u00e3o envidra\u00e7ada, a instala\u00e7\u00e3o de guarda-corpo de vidro deve ser realizada por profissionais qualificados e especialistas em seguran\u00e7a para garantir que a escolha dos materiais, como como a execu\u00e7\u00e3o da instala\u00e7\u00e3o atendam a todos os requisitos de seguran\u00e7a e regulamenta\u00e7\u00e3o especificadas nas normas da ABNT.<\/p>\n","protected":false},"excerpt":{"rendered":"<p>Os vidros temperados n\u00e3o podem ser utilizados em guarda-corpos, a menos que sejam submetidos \u00e0 t\u00e9cnica de lamina\u00e7\u00e3o (vidro temperado laminado). A aplica\u00e7\u00e3o de vidro temperado isoladamente em guarda-corpo est\u00e1 em desacordo com as normas de seguran\u00e7a da ABNT. O tipo de vidro indicado para guarda-corpo \u00e9 o vidro laminado, vidro aramado e o vidro &#8230;<\/p>\n","protected":false},"author":1,"featured_media":1209,"comment_status":"open","ping_status":"closed","sticky":false,"template":"","format":"standard","meta":{"footnotes":""},"categories":[1],"tags":[],"class_list":["post-1208","post","type-post","status-publish","format-standard","has-post-thumbnail","hentry","category-sem-categoria"],"yoast_head":"<!-- This site is optimized with the Yoast SEO plugin v24.4 - https:\/\/yoast.com\/wordpress\/plugins\/seo\/ -->\n<title>Guarda-Corpo de Vidro Temperado: Normas e Uso - Blog<\/title>\n<meta name=\"description\" content=\"Entenda as normas da ABNT para guarda-corpos de vidro temperado e as alternativas seguras como vidro laminado e aramado. Saiba mais!\" \/>\n<meta name=\"robots\" content=\"index, follow, max-snippet:-1, max-image-preview:large, max-video-preview:-1\" \/>\n<link rel=\"canonical\" href=\"https:\/\/baratocomqualidade.com.br\/blog\/guarda-corpo-de-vidro-temperado-pode\/\" \/>\n<meta property=\"og:locale\" content=\"pt_BR\" \/>\n<meta property=\"og:type\" content=\"article\" \/>\n<meta property=\"og:title\" content=\"Guarda-Corpo de Vidro Temperado: Normas e Uso - Blog\" \/>\n<meta property=\"og:description\" content=\"Entenda as normas da ABNT para guarda-corpos de vidro temperado e as alternativas seguras como vidro laminado e aramado. Saiba mais!\" \/>\n<meta property=\"og:url\" content=\"https:\/\/baratocomqualidade.com.br\/blog\/guarda-corpo-de-vidro-temperado-pode\/\" \/>\n<meta property=\"og:site_name\" content=\"Blog Barato com Qualidade: Expertise em Vidros\" \/>\n<meta property=\"article:published_time\" content=\"2023-07-31T00:43:52+00:00\" \/>\n<meta property=\"article:modified_time\" content=\"2023-12-06T17:12:42+00:00\" \/>\n<meta property=\"og:image\" content=\"https:\/\/baratocomqualidade.com.br\/blog\/wp-content\/uploads\/2023\/08\/guarda-corpo-vidro-7.jpeg\" \/>\n\t<meta property=\"og:image:width\" content=\"653\" \/>\n\t<meta property=\"og:image:height\" content=\"400\" \/>\n\t<meta property=\"og:image:type\" content=\"image\/jpeg\" \/>\n<meta name=\"author\" content=\"marketing-admin\" \/>\n<meta name=\"twitter:card\" content=\"summary_large_image\" \/>\n<meta name=\"twitter:label1\" content=\"Escrito por\" \/>\n\t<meta name=\"twitter:data1\" content=\"marketing-admin\" \/>\n\t<meta name=\"twitter:label2\" content=\"Est. tempo de leitura\" \/>\n\t<meta name=\"twitter:data2\" content=\"5 minutos\" \/>\n<script type=\"application\/ld+json\" class=\"yoast-schema-graph\">{\"@context\":\"https:\/\/schema.org\",\"@graph\":[{\"@type\":\"Article\",\"@id\":\"https:\/\/baratocomqualidade.com.br\/blog\/guarda-corpo-de-vidro-temperado-pode\/#article\",\"isPartOf\":{\"@id\":\"https:\/\/baratocomqualidade.com.br\/blog\/guarda-corpo-de-vidro-temperado-pode\/\"},\"author\":{\"name\":\"marketing-admin\",\"@id\":\"https:\/\/baratocomqualidade.com.br\/blog\/#\/schema\/person\/2769b36e9214d4a9d2e3e3a8e4cc5b10\"},\"headline\":\"Guarda-corpo de vidro temperado, pode?\",\"datePublished\":\"2023-07-31T00:43:52+00:00\",\"dateModified\":\"2023-12-06T17:12:42+00:00\",\"mainEntityOfPage\":{\"@id\":\"https:\/\/baratocomqualidade.com.br\/blog\/guarda-corpo-de-vidro-temperado-pode\/\"},\"wordCount\":943,\"commentCount\":0,\"publisher\":{\"@id\":\"https:\/\/baratocomqualidade.com.br\/blog\/#organization\"},\"image\":{\"@id\":\"https:\/\/baratocomqualidade.com.br\/blog\/guarda-corpo-de-vidro-temperado-pode\/#primaryimage\"},\"thumbnailUrl\":\"https:\/\/baratocomqualidade.com.br\/blog\/wp-content\/uploads\/2023\/08\/guarda-corpo-vidro-7.jpeg\",\"inLanguage\":\"pt-BR\",\"potentialAction\":[{\"@type\":\"CommentAction\",\"name\":\"Comment\",\"target\":[\"https:\/\/baratocomqualidade.com.br\/blog\/guarda-corpo-de-vidro-temperado-pode\/#respond\"]}]},{\"@type\":\"WebPage\",\"@id\":\"https:\/\/baratocomqualidade.com.br\/blog\/guarda-corpo-de-vidro-temperado-pode\/\",\"url\":\"https:\/\/baratocomqualidade.com.br\/blog\/guarda-corpo-de-vidro-temperado-pode\/\",\"name\":\"Guarda-Corpo de Vidro Temperado: Normas e Uso - Blog\",\"isPartOf\":{\"@id\":\"https:\/\/baratocomqualidade.com.br\/blog\/#website\"},\"primaryImageOfPage\":{\"@id\":\"https:\/\/baratocomqualidade.com.br\/blog\/guarda-corpo-de-vidro-temperado-pode\/#primaryimage\"},\"image\":{\"@id\":\"https:\/\/baratocomqualidade.com.br\/blog\/guarda-corpo-de-vidro-temperado-pode\/#primaryimage\"},\"thumbnailUrl\":\"https:\/\/baratocomqualidade.com.br\/blog\/wp-content\/uploads\/2023\/08\/guarda-corpo-vidro-7.jpeg\",\"datePublished\":\"2023-07-31T00:43:52+00:00\",\"dateModified\":\"2023-12-06T17:12:42+00:00\",\"description\":\"Entenda as normas da ABNT para guarda-corpos de vidro temperado e as alternativas seguras como vidro laminado e aramado. Saiba mais!\",\"breadcrumb\":{\"@id\":\"https:\/\/baratocomqualidade.com.br\/blog\/guarda-corpo-de-vidro-temperado-pode\/#breadcrumb\"},\"inLanguage\":\"pt-BR\",\"potentialAction\":[{\"@type\":\"ReadAction\",\"target\":[\"https:\/\/baratocomqualidade.com.br\/blog\/guarda-corpo-de-vidro-temperado-pode\/\"]}]},{\"@type\":\"ImageObject\",\"inLanguage\":\"pt-BR\",\"@id\":\"https:\/\/baratocomqualidade.com.br\/blog\/guarda-corpo-de-vidro-temperado-pode\/#primaryimage\",\"url\":\"https:\/\/baratocomqualidade.com.br\/blog\/wp-content\/uploads\/2023\/08\/guarda-corpo-vidro-7.jpeg\",\"contentUrl\":\"https:\/\/baratocomqualidade.com.br\/blog\/wp-content\/uploads\/2023\/08\/guarda-corpo-vidro-7.jpeg\",\"width\":653,\"height\":400,\"caption\":\"guarda-corpo-vidro\"},{\"@type\":\"BreadcrumbList\",\"@id\":\"https:\/\/baratocomqualidade.com.br\/blog\/guarda-corpo-de-vidro-temperado-pode\/#breadcrumb\",\"itemListElement\":[{\"@type\":\"ListItem\",\"position\":1,\"name\":\"In\u00edcio\",\"item\":\"https:\/\/baratocomqualidade.com.br\/blog\/\"},{\"@type\":\"ListItem\",\"position\":2,\"name\":\"Guarda-corpo de vidro temperado, pode?\"}]},{\"@type\":\"WebSite\",\"@id\":\"https:\/\/baratocomqualidade.com.br\/blog\/#website\",\"url\":\"https:\/\/baratocomqualidade.com.br\/blog\/\",\"name\":\"Blog Barato com Qualidade: Expertise em Vidros\",\"description\":\"\",\"publisher\":{\"@id\":\"https:\/\/baratocomqualidade.com.br\/blog\/#organization\"},\"potentialAction\":[{\"@type\":\"SearchAction\",\"target\":{\"@type\":\"EntryPoint\",\"urlTemplate\":\"https:\/\/baratocomqualidade.com.br\/blog\/?s={search_term_string}\"},\"query-input\":{\"@type\":\"PropertyValueSpecification\",\"valueRequired\":true,\"valueName\":\"search_term_string\"}}],\"inLanguage\":\"pt-BR\"},{\"@type\":\"Organization\",\"@id\":\"https:\/\/baratocomqualidade.com.br\/blog\/#organization\",\"name\":\"Blog Barato com Qualidade: Expertise em Vidros\",\"url\":\"https:\/\/baratocomqualidade.com.br\/blog\/\",\"logo\":{\"@type\":\"ImageObject\",\"inLanguage\":\"pt-BR\",\"@id\":\"https:\/\/baratocomqualidade.com.br\/blog\/#\/schema\/logo\/image\/\",\"url\":\"https:\/\/baratocomqualidade.com.br\/blog\/wp-content\/uploads\/2020\/05\/logo-1.png\",\"contentUrl\":\"https:\/\/baratocomqualidade.com.br\/blog\/wp-content\/uploads\/2020\/05\/logo-1.png\",\"width\":158,\"height\":56,\"caption\":\"Blog Barato com Qualidade: Expertise em Vidros\"},\"image\":{\"@id\":\"https:\/\/baratocomqualidade.com.br\/blog\/#\/schema\/logo\/image\/\"}},{\"@type\":\"Person\",\"@id\":\"https:\/\/baratocomqualidade.com.br\/blog\/#\/schema\/person\/2769b36e9214d4a9d2e3e3a8e4cc5b10\",\"name\":\"marketing-admin\",\"image\":{\"@type\":\"ImageObject\",\"inLanguage\":\"pt-BR\",\"@id\":\"https:\/\/baratocomqualidade.com.br\/blog\/#\/schema\/person\/image\/\",\"url\":\"https:\/\/secure.gravatar.com\/avatar\/5c60f8427c50a4072adb01cec131c370?s=96&d=mm&r=g\",\"contentUrl\":\"https:\/\/secure.gravatar.com\/avatar\/5c60f8427c50a4072adb01cec131c370?s=96&d=mm&r=g\",\"caption\":\"marketing-admin\"},\"sameAs\":[\"https:\/\/baratocomqualidade.com.br\/blog\"]}]}<\/script>\n<!-- \/ Yoast SEO plugin. -->","yoast_head_json":{"title":"Guarda-Corpo de Vidro Temperado: Normas e Uso - Blog","description":"Entenda as normas da ABNT para guarda-corpos de vidro temperado e as alternativas seguras como vidro laminado e aramado. Saiba mais!","robots":{"index":"index","follow":"follow","max-snippet":"max-snippet:-1","max-image-preview":"max-image-preview:large","max-video-preview":"max-video-preview:-1"},"canonical":"https:\/\/baratocomqualidade.com.br\/blog\/guarda-corpo-de-vidro-temperado-pode\/","og_locale":"pt_BR","og_type":"article","og_title":"Guarda-Corpo de Vidro Temperado: Normas e Uso - Blog","og_description":"Entenda as normas da ABNT para guarda-corpos de vidro temperado e as alternativas seguras como vidro laminado e aramado. Saiba mais!","og_url":"https:\/\/baratocomqualidade.com.br\/blog\/guarda-corpo-de-vidro-temperado-pode\/","og_site_name":"Blog Barato com Qualidade: Expertise em Vidros","article_published_time":"2023-07-31T00:43:52+00:00","article_modified_time":"2023-12-06T17:12:42+00:00","og_image":[{"width":653,"height":400,"url":"https:\/\/baratocomqualidade.com.br\/blog\/wp-content\/uploads\/2023\/08\/guarda-corpo-vidro-7.jpeg","type":"image\/jpeg"}],"author":"marketing-admin","twitter_card":"summary_large_image","twitter_misc":{"Escrito por":"marketing-admin","Est. tempo de leitura":"5 minutos"},"schema":{"@context":"https:\/\/schema.org","@graph":[{"@type":"Article","@id":"https:\/\/baratocomqualidade.com.br\/blog\/guarda-corpo-de-vidro-temperado-pode\/#article","isPartOf":{"@id":"https:\/\/baratocomqualidade.com.br\/blog\/guarda-corpo-de-vidro-temperado-pode\/"},"author":{"name":"marketing-admin","@id":"https:\/\/baratocomqualidade.com.br\/blog\/#\/schema\/person\/2769b36e9214d4a9d2e3e3a8e4cc5b10"},"headline":"Guarda-corpo de vidro temperado, pode?","datePublished":"2023-07-31T00:43:52+00:00","dateModified":"2023-12-06T17:12:42+00:00","mainEntityOfPage":{"@id":"https:\/\/baratocomqualidade.com.br\/blog\/guarda-corpo-de-vidro-temperado-pode\/"},"wordCount":943,"commentCount":0,"publisher":{"@id":"https:\/\/baratocomqualidade.com.br\/blog\/#organization"},"image":{"@id":"https:\/\/baratocomqualidade.com.br\/blog\/guarda-corpo-de-vidro-temperado-pode\/#primaryimage"},"thumbnailUrl":"https:\/\/baratocomqualidade.com.br\/blog\/wp-content\/uploads\/2023\/08\/guarda-corpo-vidro-7.jpeg","inLanguage":"pt-BR","potentialAction":[{"@type":"CommentAction","name":"Comment","target":["https:\/\/baratocomqualidade.com.br\/blog\/guarda-corpo-de-vidro-temperado-pode\/#respond"]}]},{"@type":"WebPage","@id":"https:\/\/baratocomqualidade.com.br\/blog\/guarda-corpo-de-vidro-temperado-pode\/","url":"https:\/\/baratocomqualidade.com.br\/blog\/guarda-corpo-de-vidro-temperado-pode\/","name":"Guarda-Corpo de Vidro Temperado: Normas e Uso - Blog","isPartOf":{"@id":"https:\/\/baratocomqualidade.com.br\/blog\/#website"},"primaryImageOfPage":{"@id":"https:\/\/baratocomqualidade.com.br\/blog\/guarda-corpo-de-vidro-temperado-pode\/#primaryimage"},"image":{"@id":"https:\/\/baratocomqualidade.com.br\/blog\/guarda-corpo-de-vidro-temperado-pode\/#primaryimage"},"thumbnailUrl":"https:\/\/baratocomqualidade.com.br\/blog\/wp-content\/uploads\/2023\/08\/guarda-corpo-vidro-7.jpeg","datePublished":"2023-07-31T00:43:52+00:00","dateModified":"2023-12-06T17:12:42+00:00","description":"Entenda as normas da ABNT para guarda-corpos de vidro temperado e as alternativas seguras como vidro laminado e aramado. Saiba mais!","breadcrumb":{"@id":"https:\/\/baratocomqualidade.com.br\/blog\/guarda-corpo-de-vidro-temperado-pode\/#breadcrumb"},"inLanguage":"pt-BR","potentialAction":[{"@type":"ReadAction","target":["https:\/\/baratocomqualidade.com.br\/blog\/guarda-corpo-de-vidro-temperado-pode\/"]}]},{"@type":"ImageObject","inLanguage":"pt-BR","@id":"https:\/\/baratocomqualidade.com.br\/blog\/guarda-corpo-de-vidro-temperado-pode\/#primaryimage","url":"https:\/\/baratocomqualidade.com.br\/blog\/wp-content\/uploads\/2023\/08\/guarda-corpo-vidro-7.jpeg","contentUrl":"https:\/\/baratocomqualidade.com.br\/blog\/wp-content\/uploads\/2023\/08\/guarda-corpo-vidro-7.jpeg","width":653,"height":400,"caption":"guarda-corpo-vidro"},{"@type":"BreadcrumbList","@id":"https:\/\/baratocomqualidade.com.br\/blog\/guarda-corpo-de-vidro-temperado-pode\/#breadcrumb","itemListElement":[{"@type":"ListItem","position":1,"name":"In\u00edcio","item":"https:\/\/baratocomqualidade.com.br\/blog\/"},{"@type":"ListItem","position":2,"name":"Guarda-corpo de vidro temperado, pode?"}]},{"@type":"WebSite","@id":"https:\/\/baratocomqualidade.com.br\/blog\/#website","url":"https:\/\/baratocomqualidade.com.br\/blog\/","name":"Blog Barato com Qualidade: Expertise em Vidros","description":"","publisher":{"@id":"https:\/\/baratocomqualidade.com.br\/blog\/#organization"},"potentialAction":[{"@type":"SearchAction","target":{"@type":"EntryPoint","urlTemplate":"https:\/\/baratocomqualidade.com.br\/blog\/?s={search_term_string}"},"query-input":{"@type":"PropertyValueSpecification","valueRequired":true,"valueName":"search_term_string"}}],"inLanguage":"pt-BR"},{"@type":"Organization","@id":"https:\/\/baratocomqualidade.com.br\/blog\/#organization","name":"Blog Barato com Qualidade: Expertise em Vidros","url":"https:\/\/baratocomqualidade.com.br\/blog\/","logo":{"@type":"ImageObject","inLanguage":"pt-BR","@id":"https:\/\/baratocomqualidade.com.br\/blog\/#\/schema\/logo\/image\/","url":"https:\/\/baratocomqualidade.com.br\/blog\/wp-content\/uploads\/2020\/05\/logo-1.png","contentUrl":"https:\/\/baratocomqualidade.com.br\/blog\/wp-content\/uploads\/2020\/05\/logo-1.png","width":158,"height":56,"caption":"Blog Barato com Qualidade: Expertise em Vidros"},"image":{"@id":"https:\/\/baratocomqualidade.com.br\/blog\/#\/schema\/logo\/image\/"}},{"@type":"Person","@id":"https:\/\/baratocomqualidade.com.br\/blog\/#\/schema\/person\/2769b36e9214d4a9d2e3e3a8e4cc5b10","name":"marketing-admin","image":{"@type":"ImageObject","inLanguage":"pt-BR","@id":"https:\/\/baratocomqualidade.com.br\/blog\/#\/schema\/person\/image\/","url":"https:\/\/secure.gravatar.com\/avatar\/5c60f8427c50a4072adb01cec131c370?s=96&d=mm&r=g","contentUrl":"https:\/\/secure.gravatar.com\/avatar\/5c60f8427c50a4072adb01cec131c370?s=96&d=mm&r=g","caption":"marketing-admin"},"sameAs":["https:\/\/baratocomqualidade.com.br\/blog"]}]}},"_links":{"self":[{"href":"https:\/\/baratocomqualidade.com.br\/blog\/wp-json\/wp\/v2\/posts\/1208","targetHints":{"allow":["GET"]}}],"collection":[{"href":"https:\/\/baratocomqualidade.com.br\/blog\/wp-json\/wp\/v2\/posts"}],"about":[{"href":"https:\/\/baratocomqualidade.com.br\/blog\/wp-json\/wp\/v2\/types\/post"}],"author":[{"embeddable":true,"href":"https:\/\/baratocomqualidade.com.br\/blog\/wp-json\/wp\/v2\/users\/1"}],"replies":[{"embeddable":true,"href":"https:\/\/baratocomqualidade.com.br\/blog\/wp-json\/wp\/v2\/comments?post=1208"}],"version-history":[{"count":1,"href":"https:\/\/baratocomqualidade.com.br\/blog\/wp-json\/wp\/v2\/posts\/1208\/revisions"}],"predecessor-version":[{"id":1241,"href":"https:\/\/baratocomqualidade.com.br\/blog\/wp-json\/wp\/v2\/posts\/1208\/revisions\/1241"}],"wp:featuredmedia":[{"embeddable":true,"href":"https:\/\/baratocomqualidade.com.br\/blog\/wp-json\/wp\/v2\/media\/1209"}],"wp:attachment":[{"href":"https:\/\/baratocomqualidade.com.br\/blog\/wp-json\/wp\/v2\/media?parent=1208"}],"wp:term":[{"taxonomy":"category","embeddable":true,"href":"https:\/\/baratocomqualidade.com.br\/blog\/wp-json\/wp\/v2\/categories?post=1208"},{"taxonomy":"post_tag","embeddable":true,"href":"https:\/\/baratocomqualidade.com.br\/blog\/wp-json\/wp\/v2\/tags?post=1208"}],"curies":[{"name":"wp","href":"https:\/\/api.w.org\/{rel}","templated":true}]}}